{"id":4236,"date":"2025-11-24T11:11:27","date_gmt":"2025-11-24T10:11:27","guid":{"rendered":"https:\/\/www.desireewickler.net\/?p=4236"},"modified":"2025-11-24T11:14:33","modified_gmt":"2025-11-24T10:14:33","slug":"deutsch-jahreskunstausstellung-roentgen-museum","status":"publish","type":"post","link":"https:\/\/www.desireewickler.net\/de\/2025\/11\/24\/deutsch-jahreskunstausstellung-roentgen-museum\/","title":{"rendered":"Jahreskunstausstellung Roentgen Museum"},"content":{"rendered":"<p>Am Samstag, <strong>29. November 2025<\/strong>, er\u00f6ffnen Landrat Achim Hallerbach und Museumsdirektorin Jennifer Stein <strong>um 15.00 Uhr<\/strong> im Roentgen-Museum Neuwied die Ausstellung \u201eZeitgen\u00f6ssische Impulse mittelrheinischer K\u00fcnstlerinnen und K\u00fcnstler\u201c. Zur musikalischen Umrahmung der Veranstaltung spielt Fl\u00f6tastisch (Querfl\u00f6ten-Quartett).<\/p>\n<p>Am Sonntag, <strong>11. Januar 2026<\/strong> findet <strong>um 14.30 Uhr<\/strong> eine \u00f6ffentliche F\u00fchrung mit Museumsleiterin Jennifer Stein statt.<\/p>\n<p>Ausstellungsdauer: <strong>30. November 2025 bis 11. Januar 2026<\/strong><\/p>\n<p><strong>Roentgen-Museum<\/strong><br \/>\nRaiffeisenplatz 1 a<br \/>\n56564 Neuwied<br \/>\nMehr Informationen finden Sie auf der Internetseite des <a href=\"https:\/\/www.kreis-neuwied.de\/kv_neuwied\/Roentgen\/Veranstaltungen\/Jahreskunstausstellung%202025\/\" rel=\"noopener\" target=\"_blank\">Roentgen Museum Neuwied<\/a>.<\/p>\n<p>\u00d6ffnungszeiten:<br \/>\nDi.\u2013Fr. 11\u201317 Uhr<br \/>\nSa. + So. 14\u201317 Uhr, sowie am 27.\u201328. und 30.12.2025<br \/>\nFreier Eintritt am ersten Samstag im Monat<br \/>\n24.12.2025\u201326.12.2025 und 31.12.2025\u201301.01.2026 geschlossen<br \/>\n<\/p>","protected":false},"excerpt":{"rendered":"<p>Am Samstag, 29. November 2025, er\u00f6ffnen Landrat Achim Hallerbach und Museumsdirektorin Jennifer Stein um 15.00 Uhr im Roentgen-Museum Neuwied die Ausstellung \u201eZeitgen\u00f6ssische Impulse mittelrheinischer K\u00fcnstlerinnen und K\u00fcnstler\u201c. Zur musikalischen Umrahmung der Veranstaltung spielt Fl\u00f6tastisch (Querfl\u00f6ten-Quartett). Am Sonntag, 11. Januar 2026 findet um 14.30 Uhr eine \u00f6ffentliche F\u00fchrung mit Museumsleiterin Jennifer Stein statt. Ausstellungsdauer: 30. November [&hellip;]<\/p>\n","protected":false},"author":2,"featured_media":4235,"comment_status":"closed","ping_status":"closed","sticky":false,"template":"","format":"standard","meta":{"om_disable_all_campaigns":false,"_exactmetrics_skip_tracking":false,"_exactmetrics_sitenote_active":false,"_exactmetrics_sitenote_note":"","_exactmetrics_sitenote_category":0,"_monsterinsights_skip_tracking":false,"_monsterinsights_sitenote_active":false,"_monsterinsights_sitenote_note":"","_monsterinsights_sitenote_category":0,"footnotes":""},"categories":[1],"tags":[],"class_list":["post-4236","post","type-post","status-publish","format-standard","has-post-thumbnail","hentry","category-news"],"aioseo_notices":[],"_links":{"self":[{"href":"https:\/\/www.desireewickler.net\/de\/wp-json\/wp\/v2\/posts\/4236","targetHints":{"allow":["GET"]}}],"collection":[{"href":"https:\/\/www.desireewickler.net\/de\/wp-json\/wp\/v2\/posts"}],"about":[{"href":"https:\/\/www.desireewickler.net\/de\/wp-json\/wp\/v2\/types\/post"}],"author":[{"embeddable":true,"href":"https:\/\/www.desireewickler.net\/de\/wp-json\/wp\/v2\/users\/2"}],"replies":[{"embeddable":true,"href":"https:\/\/www.desireewickler.net\/de\/wp-json\/wp\/v2\/comments?post=4236"}],"version-history":[{"count":2,"href":"https:\/\/www.desireewickler.net\/de\/wp-json\/wp\/v2\/posts\/4236\/revisions"}],"predecessor-version":[{"id":4238,"href":"https:\/\/www.desireewickler.net\/de\/wp-json\/wp\/v2\/posts\/4236\/revisions\/4238"}],"wp:featuredmedia":[{"embeddable":true,"href":"https:\/\/www.desireewickler.net\/de\/wp-json\/wp\/v2\/media\/4235"}],"wp:attachment":[{"href":"https:\/\/www.desireewickler.net\/de\/wp-json\/wp\/v2\/media?parent=4236"}],"wp:term":[{"taxonomy":"category","embeddable":true,"href":"https:\/\/www.desireewickler.net\/de\/wp-json\/wp\/v2\/categories?post=4236"},{"taxonomy":"post_tag","embeddable":true,"href":"https:\/\/www.desireewickler.net\/de\/wp-json\/wp\/v2\/tags?post=4236"}],"curies":[{"name":"wp","href":"https:\/\/api.w.org\/{rel}","templated":true}]}}