{"id":3626,"date":"2021-02-18T17:47:13","date_gmt":"2021-02-18T16:47:13","guid":{"rendered":"https:\/\/www.desireewickler.net\/?p=3626"},"modified":"2026-03-24T14:39:52","modified_gmt":"2026-03-24T13:39:52","slug":"curriculum","status":"publish","type":"post","link":"https:\/\/www.desireewickler.net\/de\/2021\/02\/18\/curriculum\/","title":{"rendered":"Biografie"},"content":{"rendered":"<p><\/p>\n<h4><img loading=\"lazy\" decoding=\"async\" class=\"aligncenter wp-image-2415 \" src=\"https:\/\/www.desireewickler.net\/wp-content\/uploads\/2020\/08\/Desiree_Wickler_Portrait_03_klein.jpg\" alt=\"\" width=\"381\" height=\"692\" \/><\/h4>\n<p>&nbsp;<\/p>\n<p><span style=\"font-size: 18pt;\"><strong>D\u00e9sir\u00e9e Wickler<\/strong><\/span><\/p>\n<p>geboren 1983 in Luxembourg<\/p>\n<p>2004 &#8211; 2008<br \/>\nStudium der Malerei a. d. Alanus Hochschule f\u00fcr Kunst und Gesellschaft, Bonn. Abschluss Diplom<\/p>\n<p>&nbsp;<\/p>\n<p><span style=\"font-size: 14pt;\"><strong>Auszeichnungen und Stipendien<\/strong><\/span><\/p>\n<p>2025<br \/>\nRotary Kunstpreis<br \/>\n2020\/ 2021<br \/>\nProjektstipendium &#8222;Im Fokus&#8220; der Stiftung Rheinland-Pfalz f\u00fcr Kultur, des Kultursommers Rheinland-Pfalz und der Kulturabteilung des Ministeriums f\u00fcr Wissenschaft, Weiterbildung und Kultur<br \/>\n2018<br \/>\n1. Preis Handpressenmesse Trier f\u00fcr das K\u00fcnstlerbuch &#8222;Entre chien et loup&#8220;<br \/>\nFonds stART-up, oeuvre Nationale de Secours Grande-Duchesse Charlotte<br \/>\n2016<br \/>\nK\u00fcnstlerresidenz Atelier Empreinte, Luxembourg<br \/>\n2015<br \/>\nNominierung Edward Steichen Award<br \/>\n2012<br \/>\nLucas Cranach Stipendium, Wittenberg<br \/>\n2010<br \/>\nValentine Rothe Preis<br \/>\nK\u00fcnstlerresidenz \u201eWanted &amp; Arrested\u201c Printmuseum Kulturhuef, Grevenmacher, LU<br \/>\n2009<br \/>\nK\u00fcnstlerresidenz \u201eArtmix4\u201c Luxembourg &amp; Saarbr\u00fccken<br \/>\n2008<br \/>\nDAAD Preis f\u00fcr hervorragende Leistungen<br \/>\nK\u00fcnstlerresidenz \u201eGr\u00fcn gleicht Gr\u00fcn\u201c Kunststation Kleinsassen<br \/>\n2007<br \/>\nK\u00fcnstlerresidenz \u201eDialoge\u201c DA Kunsthaus Kloster Gravenhorst<\/p>\n<p>&nbsp;<\/p>\n<p><strong><span style=\"font-size: 14pt;\">\u00d6ffentliche Sammlungen<\/span><\/strong><\/p>\n<p>San Francisco Center for the Book (US)<br \/>\nBiblioth\u00e8que National du Luxembourg<br \/>\nGraphische Sammlung der Universit\u00e4t Trier<br \/>\nMinist\u00e8re de la Culture du Luxembourg<br \/>\nKunst- und Museumsbibliothek im Museum Ludwig, K\u00f6ln<br \/>\nMus\u00e9e du petit format, Nismes (BE)<br \/>\nMus\u00e9e de l&#8217;imprimerie, Grevenmacher (LU)<\/p>","protected":false},"excerpt":{"rendered":"<p>&nbsp; D\u00e9sir\u00e9e Wickler geboren 1983 in Luxembourg 2004 &#8211; 2008 Studium der Malerei a. d. Alanus Hochschule f\u00fcr Kunst und Gesellschaft, Bonn. Abschluss Diplom &nbsp; Auszeichnungen und Stipendien 2025 Rotary Kunstpreis 2020\/ 2021 Projektstipendium &#8222;Im Fokus&#8220; der Stiftung Rheinland-Pfalz f\u00fcr Kultur, des Kultursommers Rheinland-Pfalz und der Kulturabteilung des Ministeriums f\u00fcr Wissenschaft, Weiterbildung und Kultur 2018 [&hellip;]<\/p>\n","protected":false},"author":2,"featured_media":74,"comment_status":"closed","ping_status":"closed","sticky":false,"template":"","format":"standard","meta":{"om_disable_all_campaigns":false,"_exactmetrics_skip_tracking":false,"_exactmetrics_sitenote_active":false,"_exactmetrics_sitenote_note":"","_exactmetrics_sitenote_category":0,"_monsterinsights_skip_tracking":false,"_monsterinsights_sitenote_active":false,"_monsterinsights_sitenote_note":"","_monsterinsights_sitenote_category":0,"footnotes":""},"categories":[25],"tags":[],"class_list":["post-3626","post","type-post","status-publish","format-standard","has-post-thumbnail","hentry","category-vita"],"aioseo_notices":[],"_links":{"self":[{"href":"https:\/\/www.desireewickler.net\/de\/wp-json\/wp\/v2\/posts\/3626","targetHints":{"allow":["GET"]}}],"collection":[{"href":"https:\/\/www.desireewickler.net\/de\/wp-json\/wp\/v2\/posts"}],"about":[{"href":"https:\/\/www.desireewickler.net\/de\/wp-json\/wp\/v2\/types\/post"}],"author":[{"embeddable":true,"href":"https:\/\/www.desireewickler.net\/de\/wp-json\/wp\/v2\/users\/2"}],"replies":[{"embeddable":true,"href":"https:\/\/www.desireewickler.net\/de\/wp-json\/wp\/v2\/comments?post=3626"}],"version-history":[{"count":13,"href":"https:\/\/www.desireewickler.net\/de\/wp-json\/wp\/v2\/posts\/3626\/revisions"}],"predecessor-version":[{"id":4260,"href":"https:\/\/www.desireewickler.net\/de\/wp-json\/wp\/v2\/posts\/3626\/revisions\/4260"}],"wp:featuredmedia":[{"embeddable":true,"href":"https:\/\/www.desireewickler.net\/de\/wp-json\/wp\/v2\/media\/74"}],"wp:attachment":[{"href":"https:\/\/www.desireewickler.net\/de\/wp-json\/wp\/v2\/media?parent=3626"}],"wp:term":[{"taxonomy":"category","embeddable":true,"href":"https:\/\/www.desireewickler.net\/de\/wp-json\/wp\/v2\/categories?post=3626"},{"taxonomy":"post_tag","embeddable":true,"href":"https:\/\/www.desireewickler.net\/de\/wp-json\/wp\/v2\/tags?post=3626"}],"curies":[{"name":"wp","href":"https:\/\/api.w.org\/{rel}","templated":true}]}}